{"id":14398,"date":"2023-01-17T09:57:47","date_gmt":"2023-01-17T07:57:47","guid":{"rendered":"https:\/\/iessa.news\/?p=14398"},"modified":"2023-01-17T09:57:47","modified_gmt":"2023-01-17T07:57:47","slug":"lunsa-fonction-publique-appelle-tous-les-agents-a-se-mobiliser-le-19-janvier","status":"publish","type":"post","link":"https:\/\/iessa.org\/index.php\/2023\/01\/17\/lunsa-fonction-publique-appelle-tous-les-agents-a-se-mobiliser-le-19-janvier\/","title":{"rendered":"L&rsquo;UNSA fonction publique appelle tous les agents \u00e0 se mobiliser le 19 janvier."},"content":{"rendered":"<p><strong>Le projet de r\u00e9forme des retraites impacte tous les agents de la fonction publique. L&rsquo;UNSA Fonction Publique s&rsquo;oppose \u00e0 cette r\u00e9forme brutale et injuste.<\/strong><\/p>\n<p>Recul de l&rsquo;\u00e2ge de d\u00e9part et acc\u00e9l\u00e9ration de l&rsquo;augmentation de la dur\u00e9e de cotisation<br \/>\n\u00c0 terme, tous les agents publics travailleront deux ann\u00e9es suppl\u00e9mentaires !<br \/>\nL&rsquo;\u00e2ge de d\u00e9part recule de deux ans, pour les agents n\u00e9s apr\u00e8s le 1er septembre 1961, \u00e0 raison d&rsquo;un trimestre par an, pour atteindre 64 ans \u00e0 partir de la g\u00e9n\u00e9ration 1968.<br \/>\nLes fonctionnaires en cat\u00e9gorie active subiront la m\u00eame mesure :<br \/>\nPour ceux n\u00e9s apr\u00e8s le 1er septembre 1966, ils verront leur \u00e2ge l\u00e9gal de d\u00e9part augmenter \u00e0 raison d&rsquo;un trimestre par an pour atteindre 59 ans pour la g\u00e9n\u00e9ration 1973.<br \/>\nPour ceux en cat\u00e9gorie \u00ab\u00a0super-active\u00a0\u00bb, n\u00e9s apr\u00e8s le 1er septembre 1971, ils verront leur \u00e2ge l\u00e9gal de d\u00e9part augmenter \u00e0 raison d&rsquo;un trimestre par an pour atteindre 54 ans pour la g\u00e9n\u00e9ration 1978.<br \/>\nLa dur\u00e9e de cotisation pour une carri\u00e8re compl\u00e8te sera de 43 ans \u00e0 partir de la g\u00e9n\u00e9ration n\u00e9e en 1968 (versus 1973, comme pr\u00e9vu par la r\u00e9forme Touraine de 2014 ).<br \/>\nL&rsquo;\u00e2ge de l&rsquo;annulation de la d\u00e9cote restera \u00e0 67 ans. La limite d&rsquo;\u00e2ge sera port\u00e9e \u00e0 70 ans.<br \/>\nRetraite progressive<br \/>\nLa retraite progressive sera ouverte aux agents publics. Elle pourrait permettre de r\u00e9duire son activit\u00e9, tout en percevant une partie de sa retraite, sous conditions et sous r\u00e9serve de l&rsquo;accord de l&#8217;employeur &#8230; \u00e0 partir de 62 ans.<br \/>\nCat\u00e9gorie active<br \/>\nLa dur\u00e9e d&rsquo;exercice minimum pour l&rsquo;ouverture des droits en cat\u00e9gorie active ne sera pas modifi\u00e9e (17 ou 27 ans).<br \/>\nLa clause d\u2019ach\u00e8vement de la carri\u00e8re en cat\u00e9gorie active serait supprim\u00e9e. Une fois la dur\u00e9e de services acquise, sa portabilit\u00e9, entre fonction, entre minist\u00e8re ou entre les trois versants de la fonction publique serait permise. L&rsquo;agent garderait ses droits li\u00e9s au service actif.<br \/>\nLa d\u00e9gressivit\u00e9 pour la \u00ab bonification du 5e \u00bb serait supprim\u00e9e.<br \/>\nPour les contractuels, exer\u00e7ant un m\u00e9tier relevant de la cat\u00e9gorie active, ces temps de service seraient pris en compte au moment de la titularisation.<br \/>\nCalcul de la pension<br \/>\nLe calcul de la pension pour les fonctionnaires restera bas\u00e9 sur l&rsquo;indice de traitement d\u00e9tenu durant les six derniers mois, sans prise en compte des primes.<br \/>\nInvalidit\u00e9, p\u00e9nibilit\u00e9 et usure professionnelle<br \/>\n\u00c0 ce stade, les dispositifs et les r\u00e8gles de l&rsquo;invalidit\u00e9 restent inchang\u00e9s.<br \/>\nLa p\u00e9nibilit\u00e9 ne sera pas ouverte aux agents de la fonction publique.<br \/>\nUn fond de pr\u00e9vention de l\u2019usure professionnelle serait cr\u00e9\u00e9 pour les \u00e9tablissements hospitaliers et m\u00e9dico-sociaux.<br \/>\nPour l&rsquo;UNSA Fonction Publique, la retraite progressive et les \u00e9l\u00e9ments annonc\u00e9s pour le service actif (portabilit\u00e9, maintien des dur\u00e9es d\u2019acquisition) sont sans commune mesure avec les effets n\u00e9gatifs de la r\u00e9forme.<br \/>\n<strong>L&rsquo;UNSA Fonction Publique est totalement oppos\u00e9e \u00e0 tout recul de l\u2019\u00e2ge l\u00e9gal de d\u00e9part en retraite ou \u00e0 l\u2019acc\u00e9l\u00e9ration de l\u2019augmentation de la dur\u00e9e de cotisation. Elle appelle tous les agents \u00e0 se mobiliser le 19 janvier.<\/strong><\/p>\n","protected":false},"excerpt":{"rendered":"<p>Le projet de r\u00e9forme des retraites impacte tous les agents  [&#8230;]<\/p>\n","protected":false},"author":1,"featured_media":14401,"comment_status":"closed","ping_status":"closed","sticky":false,"template":"","format":"standard","meta":{"footnotes":""},"categories":[4],"tags":[6],"class_list":["post-14398","post","type-post","status-publish","format-standard","has-post-thumbnail","hentry","category-national","tag-iessa"],"_links":{"self":[{"href":"https:\/\/iessa.org\/index.php\/wp-json\/wp\/v2\/posts\/14398","targetHints":{"allow":["GET"]}}],"collection":[{"href":"https:\/\/iessa.org\/index.php\/wp-json\/wp\/v2\/posts"}],"about":[{"href":"https:\/\/iessa.org\/index.php\/wp-json\/wp\/v2\/types\/post"}],"author":[{"embeddable":true,"href":"https:\/\/iessa.org\/index.php\/wp-json\/wp\/v2\/users\/1"}],"replies":[{"embeddable":true,"href":"https:\/\/iessa.org\/index.php\/wp-json\/wp\/v2\/comments?post=14398"}],"version-history":[{"count":0,"href":"https:\/\/iessa.org\/index.php\/wp-json\/wp\/v2\/posts\/14398\/revisions"}],"wp:featuredmedia":[{"embeddable":true,"href":"https:\/\/iessa.org\/index.php\/wp-json\/wp\/v2\/media\/14401"}],"wp:attachment":[{"href":"https:\/\/iessa.org\/index.php\/wp-json\/wp\/v2\/media?parent=14398"}],"wp:term":[{"taxonomy":"category","embeddable":true,"href":"https:\/\/iessa.org\/index.php\/wp-json\/wp\/v2\/categories?post=14398"},{"taxonomy":"post_tag","embeddable":true,"href":"https:\/\/iessa.org\/index.php\/wp-json\/wp\/v2\/tags?post=14398"}],"curies":[{"name":"wp","href":"https:\/\/api.w.org\/{rel}","templated":true}]}}